{"id":8499,"date":"2026-04-27T04:33:20","date_gmt":"2026-04-27T04:33:20","guid":{"rendered":"https:\/\/www.abbazianovalesa.org\/wp\/?p=8499"},"modified":"2026-04-27T04:33:22","modified_gmt":"2026-04-27T04:33:22","slug":"il-tuo-nome-e-felicita-alleluia","status":"publish","type":"post","link":"https:\/\/www.abbazianovalesa.org\/wp\/il-tuo-nome-e-felicita-alleluia\/","title":{"rendered":"Il tuo nome \u00e8 Felicit\u00e0, alleluia!"},"content":{"rendered":"\n<p class=\"has-medium-font-size\"><strong><em>I<\/em>V <em>settimana T.P.\u00a0<\/em><\/strong><em><strong>\u2013 <\/strong><\/em><\/p>\n\n\n\n<p>Le due letture di oggi ci offrono due quadri che anticipano, in un evento e in una parabola, quella &lt;felicit\u00e0 eterna&gt; (Colletta) cui chiediamo di partecipare, facendo nostre le parole della preghiera che raccoglie i nostri desideri e presenta i nostri bisogni a Dio proprio all\u2019inizio della liturgia. Di questa &lt;felicit\u00e0&gt; \u00e8 segno il grande cambiamento di atteggiamento interiore richiesto a Pietro quando, stando al suo racconto con cui cerca di schermirsi dalle accuse e dalla disapprovazione di alcuni membri della comunit\u00e0, &lt;lo Spirito mi disse di andare con loro senza esitazioni&gt; (At 11, 12). Dopo tutte le resistenze che conosciamo come caratteristiche proprie della personalit\u00e0 di Simon Pietro e di cui ci testimoniano abbondantemente i Vangeli, ecco che l\u2019apostolo ha imparato ad essere pi\u00f9 docile e pi\u00f9 coraggioso. Infatti, possiamo ritrovare in Pietro le stesse attitudini \u201cpastorali\u201d di cui parla il Signore Ges\u00f9 nel vangelo: &lt;e ho altre pecore che non sono di quest\u2019ovile; anche queste io devo condurre; ascolteranno la mia voce e diventeranno un solo gregge e un solo pastore&gt; (Gv 10, 16). Possiamo contemplare nella figura dell\u2019apostolo lo stesso cammino cui il Signore Ges\u00f9, come bello&nbsp;&nbsp;e buon pastore della nostra vita, vuole condurci e guidarci: dilatare l\u2019attenzione del cuore e desiderare che tutti vi trovino posto e si ritrovino in esso pi\u00f9 vicini tra loro, meno soli e per questo pi\u00f9 vicini alla &lt;felicit\u00e0&gt;.<\/p>\n\n\n\n<p>Quale felicit\u00e0 pi\u00f9 grande ci pu\u00f2 essere di quella di allargare la propria rete di relazioni e di dilatare la propria capacit\u00e0 di entrare in relazione per creare un contatto con lo stesso Signore? Davanti alla sovrabbondanza con cui Dio ricolma di Spirito Santo la famiglia di Cornelio, l\u2019apostolo non trova altre parole se non quelle proprie di chi si sente sempre superato dal dono della grazia in quello che \u00e8 il proprio ministero a servizio della grazia: &lt;Se dunque Dio ha dato a loro lo stesso dono che a noi per aver creduto nel Signore Ges\u00f9 Cristo, chi ero io per porre impedimento a Dio?&gt; (At 11, 17). \u00c8 come se Pietro si ritrovasse costretto ad andare ben oltre i suoi parametri e oltre gli stessi parametri della Chiesa nascente per scorgere in ogni uomo &lt;la cerva che anela ai corsi d\u2019acqua&gt; (Sal 41, 2) a cui, di certo, non si pu\u00f2 sottrarre il dono di un sorso ristoratore. Soprattutto se\u2013 dopo tanta fatica \u2013 la cerva del cuore giunge finalmente sull\u2019argine del &lt;Dio della mia gioia, del mio giubilo&gt; (41, 4) e vuole e pu\u00f2 finalmente dissetarsi. Come si pu\u00f2 essere di &lt;impedimento&gt; (At 11, 17) quando tutto, invece, \u00e8 stato posto da Dio come incitamento alla felicit\u00e0?!<\/p>\n\n\n\n<p>Tutt\u2019altro! Come dice il Signore Ges\u00f9 parlando di se stesso sotto la similitudine del Pastore: &lt;questo comando ho ricevuto dal Padre mio&gt; (Gv 10, 18). Si tratta del comando che \u00e8 poi stato donato e affidato alla Chiesa chiamata ad essere icona della grande felicit\u00e0 di Cristo: &lt;il Padre mi ama: perch\u00e9 io offro la mia vita&gt; (10, 17). Attraversando il mistero pasquale Simon Pietro ha dovuto riconoscere nel Signore Ges\u00f9 il Pastore della sua stessa vita, capace di accoglierlo oltre ogni rinnegamento ed \u00e8 qui che ha compreso il mistero del &lt;potere&gt; (10, 18) affidatogli: offrire la propria vita &lt;perch\u00e9 abbiano la vita&gt; (At 11, 18) e si apra per tutti la porta della felicit\u00e0!<\/p>\n\n\n\n<p><\/p>\n","protected":false},"excerpt":{"rendered":"<p>IV settimana T.P.\u00a0\u2013 Le due letture di oggi ci offrono due quadri che anticipano, in un evento e in una parabola, quella &lt;felicit\u00e0 eterna&gt; (Colletta) cui chiediamo di partecipare, facendo nostre le parole della preghiera che raccoglie i nostri desideri e presenta i nostri bisogni a Dio proprio all\u2019inizio della liturgia. Di questa &lt;felicit\u00e0&gt; \u00e8 [&hellip;]<\/p>\n","protected":false},"author":2,"featured_media":5958,"comment_status":"open","ping_status":"open","sticky":false,"template":"","format":"standard","meta":{"footnotes":""},"categories":[17],"tags":[],"class_list":["post-8499","post","type-post","status-publish","format-standard","has-post-thumbnail","hentry","category-parola"],"yoast_head":"<!-- This site is optimized with the Yoast SEO plugin v26.7 - https:\/\/yoast.com\/wordpress\/plugins\/seo\/ -->\n<title>Il tuo nome \u00e8 Felicit\u00e0, alleluia! - Abbazia dei SS. Pietro e Andrea di Novalesa<\/title>\n<meta name=\"description\" content=\"Abbazia dei SS. Pietro e Andrea a Novalesa. Oggi \u00e8 la parola - Simile\" \/>\n<meta name=\"robots\" content=\"index, follow, max-snippet:-1, max-image-preview:large, max-video-preview:-1\" \/>\n<link rel=\"canonical\" href=\"https:\/\/www.abbazianovalesa.org\/wp\/il-tuo-nome-e-felicita-alleluia\/\" \/>\n<meta property=\"og:locale\" content=\"it_IT\" \/>\n<meta property=\"og:type\" content=\"article\" \/>\n<meta property=\"og:title\" content=\"Il tuo nome \u00e8 Felicit\u00e0, alleluia! - Abbazia dei SS. Pietro e Andrea di Novalesa\" \/>\n<meta property=\"og:description\" content=\"Abbazia dei SS. Pietro e Andrea a Novalesa. Oggi \u00e8 la parola - Simile\" \/>\n<meta property=\"og:url\" content=\"https:\/\/www.abbazianovalesa.org\/wp\/il-tuo-nome-e-felicita-alleluia\/\" \/>\n<meta property=\"og:site_name\" content=\"Abbazia dei SS. Pietro e Andrea di Novalesa\" \/>\n<meta property=\"article:published_time\" content=\"2026-04-27T04:33:20+00:00\" \/>\n<meta property=\"article:modified_time\" content=\"2026-04-27T04:33:22+00:00\" \/>\n<meta property=\"og:image\" content=\"https:\/\/www.abbazianovalesa.org\/wp\/wp-content\/uploads\/2024\/03\/IMG20240331074205-scaled.jpg\" \/>\n\t<meta property=\"og:image:width\" content=\"1920\" \/>\n\t<meta property=\"og:image:height\" content=\"2560\" \/>\n\t<meta property=\"og:image:type\" content=\"image\/jpeg\" \/>\n<meta name=\"author\" content=\"Eldradus\" \/>\n<meta name=\"twitter:card\" content=\"summary_large_image\" \/>\n<meta name=\"twitter:label1\" content=\"Scritto da\" \/>\n\t<meta name=\"twitter:data1\" content=\"Eldradus\" \/>\n\t<meta name=\"twitter:label2\" content=\"Tempo di lettura stimato\" \/>\n\t<meta name=\"twitter:data2\" content=\"1 minuto\" \/>\n<script type=\"application\/ld+json\" class=\"yoast-schema-graph\">{\"@context\":\"https:\/\/schema.org\",\"@graph\":[{\"@type\":\"Article\",\"@id\":\"https:\/\/www.abbazianovalesa.org\/wp\/il-tuo-nome-e-felicita-alleluia\/#article\",\"isPartOf\":{\"@id\":\"https:\/\/www.abbazianovalesa.org\/wp\/il-tuo-nome-e-felicita-alleluia\/\"},\"author\":{\"name\":\"Eldradus\",\"@id\":\"https:\/\/www.abbazianovalesa.org\/wp\/#\/schema\/person\/b03069501e622968446f313618788ed2\"},\"headline\":\"Il tuo nome \u00e8 Felicit\u00e0, alleluia!\",\"datePublished\":\"2026-04-27T04:33:20+00:00\",\"dateModified\":\"2026-04-27T04:33:22+00:00\",\"mainEntityOfPage\":{\"@id\":\"https:\/\/www.abbazianovalesa.org\/wp\/il-tuo-nome-e-felicita-alleluia\/\"},\"wordCount\":574,\"commentCount\":0,\"publisher\":{\"@id\":\"https:\/\/www.abbazianovalesa.org\/wp\/#organization\"},\"image\":{\"@id\":\"https:\/\/www.abbazianovalesa.org\/wp\/il-tuo-nome-e-felicita-alleluia\/#primaryimage\"},\"thumbnailUrl\":\"https:\/\/www.abbazianovalesa.org\/wp\/wp-content\/uploads\/2024\/03\/IMG20240331074205-scaled.jpg\",\"articleSection\":[\"Oggi \u00e8 la parola\"],\"inLanguage\":\"it-IT\",\"potentialAction\":[{\"@type\":\"CommentAction\",\"name\":\"Comment\",\"target\":[\"https:\/\/www.abbazianovalesa.org\/wp\/il-tuo-nome-e-felicita-alleluia\/#respond\"]}]},{\"@type\":\"WebPage\",\"@id\":\"https:\/\/www.abbazianovalesa.org\/wp\/il-tuo-nome-e-felicita-alleluia\/\",\"url\":\"https:\/\/www.abbazianovalesa.org\/wp\/il-tuo-nome-e-felicita-alleluia\/\",\"name\":\"Il tuo nome \u00e8 Felicit\u00e0, alleluia! - Abbazia dei SS. Pietro e Andrea di Novalesa\",\"isPartOf\":{\"@id\":\"https:\/\/www.abbazianovalesa.org\/wp\/#website\"},\"primaryImageOfPage\":{\"@id\":\"https:\/\/www.abbazianovalesa.org\/wp\/il-tuo-nome-e-felicita-alleluia\/#primaryimage\"},\"image\":{\"@id\":\"https:\/\/www.abbazianovalesa.org\/wp\/il-tuo-nome-e-felicita-alleluia\/#primaryimage\"},\"thumbnailUrl\":\"https:\/\/www.abbazianovalesa.org\/wp\/wp-content\/uploads\/2024\/03\/IMG20240331074205-scaled.jpg\",\"datePublished\":\"2026-04-27T04:33:20+00:00\",\"dateModified\":\"2026-04-27T04:33:22+00:00\",\"description\":\"Abbazia dei SS. Pietro e Andrea a Novalesa. Oggi \u00e8 la parola - Simile\",\"breadcrumb\":{\"@id\":\"https:\/\/www.abbazianovalesa.org\/wp\/il-tuo-nome-e-felicita-alleluia\/#breadcrumb\"},\"inLanguage\":\"it-IT\",\"potentialAction\":[{\"@type\":\"ReadAction\",\"target\":[\"https:\/\/www.abbazianovalesa.org\/wp\/il-tuo-nome-e-felicita-alleluia\/\"]}]},{\"@type\":\"ImageObject\",\"inLanguage\":\"it-IT\",\"@id\":\"https:\/\/www.abbazianovalesa.org\/wp\/il-tuo-nome-e-felicita-alleluia\/#primaryimage\",\"url\":\"https:\/\/www.abbazianovalesa.org\/wp\/wp-content\/uploads\/2024\/03\/IMG20240331074205-scaled.jpg\",\"contentUrl\":\"https:\/\/www.abbazianovalesa.org\/wp\/wp-content\/uploads\/2024\/03\/IMG20240331074205-scaled.jpg\",\"width\":1920,\"height\":2560},{\"@type\":\"BreadcrumbList\",\"@id\":\"https:\/\/www.abbazianovalesa.org\/wp\/il-tuo-nome-e-felicita-alleluia\/#breadcrumb\",\"itemListElement\":[{\"@type\":\"ListItem\",\"position\":1,\"name\":\"Home\",\"item\":\"https:\/\/www.abbazianovalesa.org\/wp\/homepage-abbazia-dei-ss-pietro-e-andrea-novalesa\/\"},{\"@type\":\"ListItem\",\"position\":2,\"name\":\"Il tuo nome \u00e8 Felicit\u00e0, alleluia!\"}]},{\"@type\":\"WebSite\",\"@id\":\"https:\/\/www.abbazianovalesa.org\/wp\/#website\",\"url\":\"https:\/\/www.abbazianovalesa.org\/wp\/\",\"name\":\"https:\/\/www.abbazianovalesa.org\/\",\"description\":\"XIII CENTENARIO - Mille e trecento anni di Fede, Storia e Memoria.\",\"publisher\":{\"@id\":\"https:\/\/www.abbazianovalesa.org\/wp\/#organization\"},\"potentialAction\":[{\"@type\":\"SearchAction\",\"target\":{\"@type\":\"EntryPoint\",\"urlTemplate\":\"https:\/\/www.abbazianovalesa.org\/wp\/?s={search_term_string}\"},\"query-input\":{\"@type\":\"PropertyValueSpecification\",\"valueRequired\":true,\"valueName\":\"search_term_string\"}}],\"inLanguage\":\"it-IT\"},{\"@type\":\"Organization\",\"@id\":\"https:\/\/www.abbazianovalesa.org\/wp\/#organization\",\"name\":\"Abbazia di Novalesa\",\"url\":\"https:\/\/www.abbazianovalesa.org\/wp\/\",\"logo\":{\"@type\":\"ImageObject\",\"inLanguage\":\"it-IT\",\"@id\":\"https:\/\/www.abbazianovalesa.org\/wp\/#\/schema\/logo\/image\/\",\"url\":\"https:\/\/www.abbazianovalesa.org\/wp\/wp-content\/uploads\/2022\/03\/logo-novalesa.png\",\"contentUrl\":\"https:\/\/www.abbazianovalesa.org\/wp\/wp-content\/uploads\/2022\/03\/logo-novalesa.png\",\"width\":842,\"height\":1186,\"caption\":\"Abbazia di Novalesa\"},\"image\":{\"@id\":\"https:\/\/www.abbazianovalesa.org\/wp\/#\/schema\/logo\/image\/\"}},{\"@type\":\"Person\",\"@id\":\"https:\/\/www.abbazianovalesa.org\/wp\/#\/schema\/person\/b03069501e622968446f313618788ed2\",\"name\":\"Eldradus\",\"image\":{\"@type\":\"ImageObject\",\"inLanguage\":\"it-IT\",\"@id\":\"https:\/\/www.abbazianovalesa.org\/wp\/#\/schema\/person\/image\/\",\"url\":\"https:\/\/secure.gravatar.com\/avatar\/b01322723fd2a1f2b8ba869b452865790a5532b623f4aa26023eca3d7fddd268?s=96&d=mm&r=g\",\"contentUrl\":\"https:\/\/secure.gravatar.com\/avatar\/b01322723fd2a1f2b8ba869b452865790a5532b623f4aa26023eca3d7fddd268?s=96&d=mm&r=g\",\"caption\":\"Eldradus\"},\"url\":\"https:\/\/www.abbazianovalesa.org\/wp\/author\/eldradus\/\"}]}<\/script>\n<!-- \/ Yoast SEO plugin. -->","yoast_head_json":{"title":"Il tuo nome \u00e8 Felicit\u00e0, alleluia! - Abbazia dei SS. Pietro e Andrea di Novalesa","description":"Abbazia dei SS. Pietro e Andrea a Novalesa. Oggi \u00e8 la parola - Simile","robots":{"index":"index","follow":"follow","max-snippet":"max-snippet:-1","max-image-preview":"max-image-preview:large","max-video-preview":"max-video-preview:-1"},"canonical":"https:\/\/www.abbazianovalesa.org\/wp\/il-tuo-nome-e-felicita-alleluia\/","og_locale":"it_IT","og_type":"article","og_title":"Il tuo nome \u00e8 Felicit\u00e0, alleluia! - Abbazia dei SS. Pietro e Andrea di Novalesa","og_description":"Abbazia dei SS. Pietro e Andrea a Novalesa. Oggi \u00e8 la parola - Simile","og_url":"https:\/\/www.abbazianovalesa.org\/wp\/il-tuo-nome-e-felicita-alleluia\/","og_site_name":"Abbazia dei SS. Pietro e Andrea di Novalesa","article_published_time":"2026-04-27T04:33:20+00:00","article_modified_time":"2026-04-27T04:33:22+00:00","og_image":[{"width":1920,"height":2560,"url":"https:\/\/www.abbazianovalesa.org\/wp\/wp-content\/uploads\/2024\/03\/IMG20240331074205-scaled.jpg","type":"image\/jpeg"}],"author":"Eldradus","twitter_card":"summary_large_image","twitter_misc":{"Scritto da":"Eldradus","Tempo di lettura stimato":"1 minuto"},"schema":{"@context":"https:\/\/schema.org","@graph":[{"@type":"Article","@id":"https:\/\/www.abbazianovalesa.org\/wp\/il-tuo-nome-e-felicita-alleluia\/#article","isPartOf":{"@id":"https:\/\/www.abbazianovalesa.org\/wp\/il-tuo-nome-e-felicita-alleluia\/"},"author":{"name":"Eldradus","@id":"https:\/\/www.abbazianovalesa.org\/wp\/#\/schema\/person\/b03069501e622968446f313618788ed2"},"headline":"Il tuo nome \u00e8 Felicit\u00e0, alleluia!","datePublished":"2026-04-27T04:33:20+00:00","dateModified":"2026-04-27T04:33:22+00:00","mainEntityOfPage":{"@id":"https:\/\/www.abbazianovalesa.org\/wp\/il-tuo-nome-e-felicita-alleluia\/"},"wordCount":574,"commentCount":0,"publisher":{"@id":"https:\/\/www.abbazianovalesa.org\/wp\/#organization"},"image":{"@id":"https:\/\/www.abbazianovalesa.org\/wp\/il-tuo-nome-e-felicita-alleluia\/#primaryimage"},"thumbnailUrl":"https:\/\/www.abbazianovalesa.org\/wp\/wp-content\/uploads\/2024\/03\/IMG20240331074205-scaled.jpg","articleSection":["Oggi \u00e8 la parola"],"inLanguage":"it-IT","potentialAction":[{"@type":"CommentAction","name":"Comment","target":["https:\/\/www.abbazianovalesa.org\/wp\/il-tuo-nome-e-felicita-alleluia\/#respond"]}]},{"@type":"WebPage","@id":"https:\/\/www.abbazianovalesa.org\/wp\/il-tuo-nome-e-felicita-alleluia\/","url":"https:\/\/www.abbazianovalesa.org\/wp\/il-tuo-nome-e-felicita-alleluia\/","name":"Il tuo nome \u00e8 Felicit\u00e0, alleluia! - Abbazia dei SS. Pietro e Andrea di Novalesa","isPartOf":{"@id":"https:\/\/www.abbazianovalesa.org\/wp\/#website"},"primaryImageOfPage":{"@id":"https:\/\/www.abbazianovalesa.org\/wp\/il-tuo-nome-e-felicita-alleluia\/#primaryimage"},"image":{"@id":"https:\/\/www.abbazianovalesa.org\/wp\/il-tuo-nome-e-felicita-alleluia\/#primaryimage"},"thumbnailUrl":"https:\/\/www.abbazianovalesa.org\/wp\/wp-content\/uploads\/2024\/03\/IMG20240331074205-scaled.jpg","datePublished":"2026-04-27T04:33:20+00:00","dateModified":"2026-04-27T04:33:22+00:00","description":"Abbazia dei SS. Pietro e Andrea a Novalesa. Oggi \u00e8 la parola - Simile","breadcrumb":{"@id":"https:\/\/www.abbazianovalesa.org\/wp\/il-tuo-nome-e-felicita-alleluia\/#breadcrumb"},"inLanguage":"it-IT","potentialAction":[{"@type":"ReadAction","target":["https:\/\/www.abbazianovalesa.org\/wp\/il-tuo-nome-e-felicita-alleluia\/"]}]},{"@type":"ImageObject","inLanguage":"it-IT","@id":"https:\/\/www.abbazianovalesa.org\/wp\/il-tuo-nome-e-felicita-alleluia\/#primaryimage","url":"https:\/\/www.abbazianovalesa.org\/wp\/wp-content\/uploads\/2024\/03\/IMG20240331074205-scaled.jpg","contentUrl":"https:\/\/www.abbazianovalesa.org\/wp\/wp-content\/uploads\/2024\/03\/IMG20240331074205-scaled.jpg","width":1920,"height":2560},{"@type":"BreadcrumbList","@id":"https:\/\/www.abbazianovalesa.org\/wp\/il-tuo-nome-e-felicita-alleluia\/#breadcrumb","itemListElement":[{"@type":"ListItem","position":1,"name":"Home","item":"https:\/\/www.abbazianovalesa.org\/wp\/homepage-abbazia-dei-ss-pietro-e-andrea-novalesa\/"},{"@type":"ListItem","position":2,"name":"Il tuo nome \u00e8 Felicit\u00e0, alleluia!"}]},{"@type":"WebSite","@id":"https:\/\/www.abbazianovalesa.org\/wp\/#website","url":"https:\/\/www.abbazianovalesa.org\/wp\/","name":"https:\/\/www.abbazianovalesa.org\/","description":"XIII CENTENARIO - Mille e trecento anni di Fede, Storia e Memoria.","publisher":{"@id":"https:\/\/www.abbazianovalesa.org\/wp\/#organization"},"potentialAction":[{"@type":"SearchAction","target":{"@type":"EntryPoint","urlTemplate":"https:\/\/www.abbazianovalesa.org\/wp\/?s={search_term_string}"},"query-input":{"@type":"PropertyValueSpecification","valueRequired":true,"valueName":"search_term_string"}}],"inLanguage":"it-IT"},{"@type":"Organization","@id":"https:\/\/www.abbazianovalesa.org\/wp\/#organization","name":"Abbazia di Novalesa","url":"https:\/\/www.abbazianovalesa.org\/wp\/","logo":{"@type":"ImageObject","inLanguage":"it-IT","@id":"https:\/\/www.abbazianovalesa.org\/wp\/#\/schema\/logo\/image\/","url":"https:\/\/www.abbazianovalesa.org\/wp\/wp-content\/uploads\/2022\/03\/logo-novalesa.png","contentUrl":"https:\/\/www.abbazianovalesa.org\/wp\/wp-content\/uploads\/2022\/03\/logo-novalesa.png","width":842,"height":1186,"caption":"Abbazia di Novalesa"},"image":{"@id":"https:\/\/www.abbazianovalesa.org\/wp\/#\/schema\/logo\/image\/"}},{"@type":"Person","@id":"https:\/\/www.abbazianovalesa.org\/wp\/#\/schema\/person\/b03069501e622968446f313618788ed2","name":"Eldradus","image":{"@type":"ImageObject","inLanguage":"it-IT","@id":"https:\/\/www.abbazianovalesa.org\/wp\/#\/schema\/person\/image\/","url":"https:\/\/secure.gravatar.com\/avatar\/b01322723fd2a1f2b8ba869b452865790a5532b623f4aa26023eca3d7fddd268?s=96&d=mm&r=g","contentUrl":"https:\/\/secure.gravatar.com\/avatar\/b01322723fd2a1f2b8ba869b452865790a5532b623f4aa26023eca3d7fddd268?s=96&d=mm&r=g","caption":"Eldradus"},"url":"https:\/\/www.abbazianovalesa.org\/wp\/author\/eldradus\/"}]}},"_links":{"self":[{"href":"https:\/\/www.abbazianovalesa.org\/wp\/wp-json\/wp\/v2\/posts\/8499","targetHints":{"allow":["GET"]}}],"collection":[{"href":"https:\/\/www.abbazianovalesa.org\/wp\/wp-json\/wp\/v2\/posts"}],"about":[{"href":"https:\/\/www.abbazianovalesa.org\/wp\/wp-json\/wp\/v2\/types\/post"}],"author":[{"embeddable":true,"href":"https:\/\/www.abbazianovalesa.org\/wp\/wp-json\/wp\/v2\/users\/2"}],"replies":[{"embeddable":true,"href":"https:\/\/www.abbazianovalesa.org\/wp\/wp-json\/wp\/v2\/comments?post=8499"}],"version-history":[{"count":1,"href":"https:\/\/www.abbazianovalesa.org\/wp\/wp-json\/wp\/v2\/posts\/8499\/revisions"}],"predecessor-version":[{"id":8500,"href":"https:\/\/www.abbazianovalesa.org\/wp\/wp-json\/wp\/v2\/posts\/8499\/revisions\/8500"}],"wp:featuredmedia":[{"embeddable":true,"href":"https:\/\/www.abbazianovalesa.org\/wp\/wp-json\/wp\/v2\/media\/5958"}],"wp:attachment":[{"href":"https:\/\/www.abbazianovalesa.org\/wp\/wp-json\/wp\/v2\/media?parent=8499"}],"wp:term":[{"taxonomy":"category","embeddable":true,"href":"https:\/\/www.abbazianovalesa.org\/wp\/wp-json\/wp\/v2\/categories?post=8499"},{"taxonomy":"post_tag","embeddable":true,"href":"https:\/\/www.abbazianovalesa.org\/wp\/wp-json\/wp\/v2\/tags?post=8499"}],"curies":[{"name":"wp","href":"https:\/\/api.w.org\/{rel}","templated":true}]}}